{"name":"Contribution & solidarit\u00e9 - Genevois fran\u00e7ais et Vall\u00e9e de l'Arve","short_name":"Solidarit\u00e9","lang":"fr","start_url":"\/appli#\/carte\/autour-de-moi","display":"standalone","theme_color":"#ed1944","background_color":"d2d0ce","icons":[{"src":"https:\/\/contribution-genevoisfrancaisarve.gogocarto.fr\/uploads\/contribution-genevoisfrancaisarve\/images\/config\/logo-vf-innovales-2022-512x512.png","sizes":"512x512"}]}